{"id":15724,"date":"2020-05-11T09:47:08","date_gmt":"2020-05-11T09:47:08","guid":{"rendered":"https:\/\/www.satinal.it\/strato-eva-interlayers-meet-en-16613-standard\/"},"modified":"2021-06-22T12:25:39","modified_gmt":"2021-06-22T12:25:39","slug":"las-interlaminas-eva-strato-cumplen-con-en-166132019","status":"publish","type":"post","link":"https:\/\/www.satinal.it\/es\/las-interlaminas-eva-strato-cumplen-con-en-166132019\/","title":{"rendered":"LAS INTERL\u00c1MINAS EVA STRATO<sup>\u00ae<\/sup> CUMPLEN CON EN 16613:2019"},"content":{"rendered":"<div class=\"fusion-fullwidth fullwidth-box fusion-builder-row-1 nonhundred-percent-fullwidth non-hundred-percent-height-scrolling\" style=\"--awb-border-radius-top-left:0px;--awb-border-radius-top-right:0px;--awb-border-radius-bottom-right:0px;--awb-border-radius-bottom-left:0px;--awb-flex-wrap:wrap;\" ><div class=\"fusion-builder-row fusion-row\"><div class=\"fusion-layout-column fusion_builder_column fusion-builder-column-0 fusion_builder_column_1_1 1_1 fusion-one-full fusion-column-first fusion-column-last\" style=\"--awb-bg-size:cover;--awb-margin-bottom:0px;\"><div class=\"fusion-column-wrapper fusion-flex-column-wrapper-legacy\"><div class=\"fusion-text fusion-text-1\"><p>En diciembre de 2019 se definieron y publicaron las normas EN <strong>16612 y EN 16613,<\/strong> estrechamente relacionadas entre s\u00ed: de hecho, la primera determina <strong>la resistencia de las losas de vidrio a<\/strong> las cargas laterales mediante m\u00e9todos de c\u00e1lculo, mientras que la segunda establece las propiedades <strong>mec\u00e1nicas de la capa intermedia<\/strong> utilizada para obtener el vidrio de <strong>seguridad laminado.<\/strong><\/p>\n<p>Estas normas llevan a\u00f1os en proyecto y su publicaci\u00f3n finalmente formaliza la importancia de elegir l\u00e1minas intercalares para el dise\u00f1o de elementos arquitect\u00f3nicos. Por lo tanto, sustituir\u00e1n o completar\u00e1n reglamentos individuales en los diferentes pa\u00edses de la Uni\u00f3n Europea.<\/p>\n<p>Determinar el tipo de pel\u00edcula a utilizar es una decisi\u00f3n muy importante: afecta al comportamiento del vidrio <strong>laminado, <\/strong>cuyas propiedades var\u00edan en funci\u00f3n de la temperatura y cargas a las que se somete.<\/p>\n<p>Para definir las caracter\u00edsticas de la pel\u00edcula <strong>eva STRATO<sup>\u00ae<\/sup><\/strong>, se analizaron varias muestras (cantidades y mediciones seg\u00fan el Ap\u00e9ndice B de la norma EN <a href=\"http:\/\/store.uni.com\/catalogo\/uni-en-16613-2019?josso_back_to=http:\/\/store.uni.com\/josso-security-check.php&amp;josso_cmd=login_optional&amp;josso_partnerapp_host=store.uni.com\">16613) <\/a>en un<span style=\"font-size: 13.3333px;\">\u00a0<\/span>laboratorio externo certificado de acuerdo con la configuraci\u00f3n prevista por la norma ISO en1288-3:2016 (prueba de flexi\u00f3n de 4 puntos).<\/p>\n<p>Los ensayos se realizaron con el objetivo de calcular los valores del M\u00f3dulo de Elasticidad y el M\u00f3dulo de Corte que expresan el comportamiento del vidrio laminado para diferentes tipos de esfuerzos y que determinan la familia de rigidez (tipo 0,1,2) de la capa intermedia por condici\u00f3n de carga. A continuaci\u00f3n se presentan algunas condiciones enumeradas en la EN 16613: cargado con r\u00e1fagas de viento, carga de tormenta de viento, cargas de balaustrada, cargas clim\u00e1ticas en ventanas aislantes, etc.<\/p>\n<p>Para solicitar m\u00e1s detalles y\/o informaci\u00f3n sobre los resultados obtenidos con la <strong>pel\u00edcula <\/strong>EVA STRATO<strong><sup>\u00ae<\/sup><\/strong> env\u00ede un correo electr\u00f3nico a <a href=\"mailto:customer@satinal.it\">customer@satinal.it<\/a> o llame al +39 031870573.<\/p>\n<\/div><div class=\"fusion-clearfix\"><\/div><\/div><\/div><\/div><\/div>\n","protected":false},"excerpt":{"rendered":"<p>..<\/p>\n","protected":false},"author":7,"featured_media":15725,"comment_status":"closed","ping_status":"closed","sticky":false,"template":"","format":"standard","meta":{"footnotes":""},"categories":[765],"tags":[],"class_list":["post-15724","post","type-post","status-publish","format-standard","has-post-thumbnail","hentry","category-noticias"],"yoast_head":"<!-- This site is optimized with the Yoast SEO plugin v25.7 - https:\/\/yoast.com\/wordpress\/plugins\/seo\/ -->\n<title>Interl\u00e1minas eva STRATO\u00ae cumplen con en 16613:2019 | News<\/title>\n<meta name=\"description\" content=\"SATINAL - Seleccionar el tipo de pel\u00edcula a utilizar es una decisi\u00f3n muy importante porque determina el comportamiento del vidrio laminado.\" \/>\n<meta name=\"robots\" content=\"index, follow, max-snippet:-1, max-image-preview:large, max-video-preview:-1\" \/>\n<link rel=\"canonical\" href=\"https:\/\/www.satinal.it\/es\/las-interlaminas-eva-strato-cumplen-con-en-166132019\/\" \/>\n<meta property=\"og:locale\" content=\"es_ES\" \/>\n<meta property=\"og:type\" content=\"article\" \/>\n<meta property=\"og:title\" content=\"Interl\u00e1minas eva STRATO\u00ae cumplen con en 16613:2019 | News\" \/>\n<meta property=\"og:description\" content=\"SATINAL - Seleccionar el tipo de pel\u00edcula a utilizar es una decisi\u00f3n muy importante porque determina el comportamiento del vidrio laminado.\" \/>\n<meta property=\"og:url\" content=\"https:\/\/www.satinal.it\/es\/las-interlaminas-eva-strato-cumplen-con-en-166132019\/\" \/>\n<meta property=\"og:site_name\" content=\"Satinal\" \/>\n<meta property=\"article:published_time\" content=\"2020-05-11T09:47:08+00:00\" \/>\n<meta property=\"article:modified_time\" content=\"2021-06-22T12:25:39+00:00\" \/>\n<meta property=\"og:image\" content=\"https:\/\/www.satinal.it\/wp-content\/uploads\/2020\/05\/STRATO-EVA-INTERLAYERS-MEET-EN-166132019-STANDARD.jpg\" \/>\n\t<meta property=\"og:image:width\" content=\"1200\" \/>\n\t<meta property=\"og:image:height\" content=\"680\" \/>\n\t<meta property=\"og:image:type\" content=\"image\/jpeg\" \/>\n<meta name=\"author\" content=\"Marketing\" \/>\n<meta name=\"twitter:card\" content=\"summary_large_image\" \/>\n<meta name=\"twitter:label1\" content=\"Escrito por\" \/>\n\t<meta name=\"twitter:data1\" content=\"Marketing\" \/>\n\t<meta name=\"twitter:label2\" content=\"Tiempo de lectura\" \/>\n\t<meta name=\"twitter:data2\" content=\"3 minutos\" \/>\n<script type=\"application\/ld+json\" class=\"yoast-schema-graph\">{\"@context\":\"https:\/\/schema.org\",\"@graph\":[{\"@type\":\"Article\",\"@id\":\"https:\/\/www.satinal.it\/es\/las-interlaminas-eva-strato-cumplen-con-en-166132019\/#article\",\"isPartOf\":{\"@id\":\"https:\/\/www.satinal.it\/es\/las-interlaminas-eva-strato-cumplen-con-en-166132019\/\"},\"author\":{\"name\":\"Marketing\",\"@id\":\"https:\/\/www.satinal.it\/es\/#\/schema\/person\/c811278294d47687d5b6d74bcdeed550\"},\"headline\":\"LAS INTERL\u00c1MINAS EVA STRATO\u00ae CUMPLEN CON EN 16613:2019\",\"datePublished\":\"2020-05-11T09:47:08+00:00\",\"dateModified\":\"2021-06-22T12:25:39+00:00\",\"mainEntityOfPage\":{\"@id\":\"https:\/\/www.satinal.it\/es\/las-interlaminas-eva-strato-cumplen-con-en-166132019\/\"},\"wordCount\":558,\"publisher\":{\"@id\":\"https:\/\/www.satinal.it\/es\/#organization\"},\"image\":{\"@id\":\"https:\/\/www.satinal.it\/es\/las-interlaminas-eva-strato-cumplen-con-en-166132019\/#primaryimage\"},\"thumbnailUrl\":\"https:\/\/www.satinal.it\/wp-content\/uploads\/2020\/05\/STRATO-EVA-INTERLAYERS-MEET-EN-166132019-STANDARD.jpg\",\"articleSection\":[\"NOTICIAS\"],\"inLanguage\":\"es\"},{\"@type\":\"WebPage\",\"@id\":\"https:\/\/www.satinal.it\/es\/las-interlaminas-eva-strato-cumplen-con-en-166132019\/\",\"url\":\"https:\/\/www.satinal.it\/es\/las-interlaminas-eva-strato-cumplen-con-en-166132019\/\",\"name\":\"Interl\u00e1minas eva STRATO\u00ae cumplen con en 16613:2019 | News\",\"isPartOf\":{\"@id\":\"https:\/\/www.satinal.it\/es\/#website\"},\"primaryImageOfPage\":{\"@id\":\"https:\/\/www.satinal.it\/es\/las-interlaminas-eva-strato-cumplen-con-en-166132019\/#primaryimage\"},\"image\":{\"@id\":\"https:\/\/www.satinal.it\/es\/las-interlaminas-eva-strato-cumplen-con-en-166132019\/#primaryimage\"},\"thumbnailUrl\":\"https:\/\/www.satinal.it\/wp-content\/uploads\/2020\/05\/STRATO-EVA-INTERLAYERS-MEET-EN-166132019-STANDARD.jpg\",\"datePublished\":\"2020-05-11T09:47:08+00:00\",\"dateModified\":\"2021-06-22T12:25:39+00:00\",\"description\":\"SATINAL - Seleccionar el tipo de pel\u00edcula a utilizar es una decisi\u00f3n muy importante porque determina el comportamiento del vidrio laminado.\",\"breadcrumb\":{\"@id\":\"https:\/\/www.satinal.it\/es\/las-interlaminas-eva-strato-cumplen-con-en-166132019\/#breadcrumb\"},\"inLanguage\":\"es\",\"potentialAction\":[{\"@type\":\"ReadAction\",\"target\":[\"https:\/\/www.satinal.it\/es\/las-interlaminas-eva-strato-cumplen-con-en-166132019\/\"]}]},{\"@type\":\"ImageObject\",\"inLanguage\":\"es\",\"@id\":\"https:\/\/www.satinal.it\/es\/las-interlaminas-eva-strato-cumplen-con-en-166132019\/#primaryimage\",\"url\":\"https:\/\/www.satinal.it\/wp-content\/uploads\/2020\/05\/STRATO-EVA-INTERLAYERS-MEET-EN-166132019-STANDARD.jpg\",\"contentUrl\":\"https:\/\/www.satinal.it\/wp-content\/uploads\/2020\/05\/STRATO-EVA-INTERLAYERS-MEET-EN-166132019-STANDARD.jpg\",\"width\":1200,\"height\":680},{\"@type\":\"BreadcrumbList\",\"@id\":\"https:\/\/www.satinal.it\/es\/las-interlaminas-eva-strato-cumplen-con-en-166132019\/#breadcrumb\",\"itemListElement\":[{\"@type\":\"ListItem\",\"position\":1,\"name\":\"Home\",\"item\":\"https:\/\/www.satinal.it\/es\/\"},{\"@type\":\"ListItem\",\"position\":2,\"name\":\"LAS INTERL\u00c1MINAS EVA STRATO\u00ae CUMPLEN CON EN 16613:2019\"}]},{\"@type\":\"WebSite\",\"@id\":\"https:\/\/www.satinal.it\/es\/#website\",\"url\":\"https:\/\/www.satinal.it\/es\/\",\"name\":\"Satinal\",\"description\":\"Competent in glass\",\"publisher\":{\"@id\":\"https:\/\/www.satinal.it\/es\/#organization\"},\"potentialAction\":[{\"@type\":\"SearchAction\",\"target\":{\"@type\":\"EntryPoint\",\"urlTemplate\":\"https:\/\/www.satinal.it\/es\/?s={search_term_string}\"},\"query-input\":{\"@type\":\"PropertyValueSpecification\",\"valueRequired\":true,\"valueName\":\"search_term_string\"}}],\"inLanguage\":\"es\"},{\"@type\":\"Organization\",\"@id\":\"https:\/\/www.satinal.it\/es\/#organization\",\"name\":\"SATINAL SPA\",\"url\":\"https:\/\/www.satinal.it\/es\/\",\"logo\":{\"@type\":\"ImageObject\",\"inLanguage\":\"es\",\"@id\":\"https:\/\/www.satinal.it\/es\/#\/schema\/logo\/image\/\",\"url\":\"https:\/\/www.satinal.it\/wp-content\/uploads\/2020\/11\/Satinal-logo-mission.png\",\"contentUrl\":\"https:\/\/www.satinal.it\/wp-content\/uploads\/2020\/11\/Satinal-logo-mission.png\",\"width\":210,\"height\":81,\"caption\":\"SATINAL SPA\"},\"image\":{\"@id\":\"https:\/\/www.satinal.it\/es\/#\/schema\/logo\/image\/\"}},{\"@type\":\"Person\",\"@id\":\"https:\/\/www.satinal.it\/es\/#\/schema\/person\/c811278294d47687d5b6d74bcdeed550\",\"name\":\"Marketing\",\"image\":{\"@type\":\"ImageObject\",\"inLanguage\":\"es\",\"@id\":\"https:\/\/www.satinal.it\/es\/#\/schema\/person\/image\/\",\"url\":\"https:\/\/secure.gravatar.com\/avatar\/683415d10672bbcd9be4966827a67299b05b2931fb6691f30d12536ba90cc8bc?s=96&d=mm&r=g\",\"contentUrl\":\"https:\/\/secure.gravatar.com\/avatar\/683415d10672bbcd9be4966827a67299b05b2931fb6691f30d12536ba90cc8bc?s=96&d=mm&r=g\",\"caption\":\"Marketing\"}}]}<\/script>\n<!-- \/ Yoast SEO plugin. -->","yoast_head_json":{"title":"Interl\u00e1minas eva STRATO\u00ae cumplen con en 16613:2019 | News","description":"SATINAL - Seleccionar el tipo de pel\u00edcula a utilizar es una decisi\u00f3n muy importante porque determina el comportamiento del vidrio laminado.","robots":{"index":"index","follow":"follow","max-snippet":"max-snippet:-1","max-image-preview":"max-image-preview:large","max-video-preview":"max-video-preview:-1"},"canonical":"https:\/\/www.satinal.it\/es\/las-interlaminas-eva-strato-cumplen-con-en-166132019\/","og_locale":"es_ES","og_type":"article","og_title":"Interl\u00e1minas eva STRATO\u00ae cumplen con en 16613:2019 | News","og_description":"SATINAL - Seleccionar el tipo de pel\u00edcula a utilizar es una decisi\u00f3n muy importante porque determina el comportamiento del vidrio laminado.","og_url":"https:\/\/www.satinal.it\/es\/las-interlaminas-eva-strato-cumplen-con-en-166132019\/","og_site_name":"Satinal","article_published_time":"2020-05-11T09:47:08+00:00","article_modified_time":"2021-06-22T12:25:39+00:00","og_image":[{"width":1200,"height":680,"url":"https:\/\/www.satinal.it\/wp-content\/uploads\/2020\/05\/STRATO-EVA-INTERLAYERS-MEET-EN-166132019-STANDARD.jpg","type":"image\/jpeg"}],"author":"Marketing","twitter_card":"summary_large_image","twitter_misc":{"Escrito por":"Marketing","Tiempo de lectura":"3 minutos"},"schema":{"@context":"https:\/\/schema.org","@graph":[{"@type":"Article","@id":"https:\/\/www.satinal.it\/es\/las-interlaminas-eva-strato-cumplen-con-en-166132019\/#article","isPartOf":{"@id":"https:\/\/www.satinal.it\/es\/las-interlaminas-eva-strato-cumplen-con-en-166132019\/"},"author":{"name":"Marketing","@id":"https:\/\/www.satinal.it\/es\/#\/schema\/person\/c811278294d47687d5b6d74bcdeed550"},"headline":"LAS INTERL\u00c1MINAS EVA STRATO\u00ae CUMPLEN CON EN 16613:2019","datePublished":"2020-05-11T09:47:08+00:00","dateModified":"2021-06-22T12:25:39+00:00","mainEntityOfPage":{"@id":"https:\/\/www.satinal.it\/es\/las-interlaminas-eva-strato-cumplen-con-en-166132019\/"},"wordCount":558,"publisher":{"@id":"https:\/\/www.satinal.it\/es\/#organization"},"image":{"@id":"https:\/\/www.satinal.it\/es\/las-interlaminas-eva-strato-cumplen-con-en-166132019\/#primaryimage"},"thumbnailUrl":"https:\/\/www.satinal.it\/wp-content\/uploads\/2020\/05\/STRATO-EVA-INTERLAYERS-MEET-EN-166132019-STANDARD.jpg","articleSection":["NOTICIAS"],"inLanguage":"es"},{"@type":"WebPage","@id":"https:\/\/www.satinal.it\/es\/las-interlaminas-eva-strato-cumplen-con-en-166132019\/","url":"https:\/\/www.satinal.it\/es\/las-interlaminas-eva-strato-cumplen-con-en-166132019\/","name":"Interl\u00e1minas eva STRATO\u00ae cumplen con en 16613:2019 | News","isPartOf":{"@id":"https:\/\/www.satinal.it\/es\/#website"},"primaryImageOfPage":{"@id":"https:\/\/www.satinal.it\/es\/las-interlaminas-eva-strato-cumplen-con-en-166132019\/#primaryimage"},"image":{"@id":"https:\/\/www.satinal.it\/es\/las-interlaminas-eva-strato-cumplen-con-en-166132019\/#primaryimage"},"thumbnailUrl":"https:\/\/www.satinal.it\/wp-content\/uploads\/2020\/05\/STRATO-EVA-INTERLAYERS-MEET-EN-166132019-STANDARD.jpg","datePublished":"2020-05-11T09:47:08+00:00","dateModified":"2021-06-22T12:25:39+00:00","description":"SATINAL - Seleccionar el tipo de pel\u00edcula a utilizar es una decisi\u00f3n muy importante porque determina el comportamiento del vidrio laminado.","breadcrumb":{"@id":"https:\/\/www.satinal.it\/es\/las-interlaminas-eva-strato-cumplen-con-en-166132019\/#breadcrumb"},"inLanguage":"es","potentialAction":[{"@type":"ReadAction","target":["https:\/\/www.satinal.it\/es\/las-interlaminas-eva-strato-cumplen-con-en-166132019\/"]}]},{"@type":"ImageObject","inLanguage":"es","@id":"https:\/\/www.satinal.it\/es\/las-interlaminas-eva-strato-cumplen-con-en-166132019\/#primaryimage","url":"https:\/\/www.satinal.it\/wp-content\/uploads\/2020\/05\/STRATO-EVA-INTERLAYERS-MEET-EN-166132019-STANDARD.jpg","contentUrl":"https:\/\/www.satinal.it\/wp-content\/uploads\/2020\/05\/STRATO-EVA-INTERLAYERS-MEET-EN-166132019-STANDARD.jpg","width":1200,"height":680},{"@type":"BreadcrumbList","@id":"https:\/\/www.satinal.it\/es\/las-interlaminas-eva-strato-cumplen-con-en-166132019\/#breadcrumb","itemListElement":[{"@type":"ListItem","position":1,"name":"Home","item":"https:\/\/www.satinal.it\/es\/"},{"@type":"ListItem","position":2,"name":"LAS INTERL\u00c1MINAS EVA STRATO\u00ae CUMPLEN CON EN 16613:2019"}]},{"@type":"WebSite","@id":"https:\/\/www.satinal.it\/es\/#website","url":"https:\/\/www.satinal.it\/es\/","name":"Satinal","description":"Competent in glass","publisher":{"@id":"https:\/\/www.satinal.it\/es\/#organization"},"potentialAction":[{"@type":"SearchAction","target":{"@type":"EntryPoint","urlTemplate":"https:\/\/www.satinal.it\/es\/?s={search_term_string}"},"query-input":{"@type":"PropertyValueSpecification","valueRequired":true,"valueName":"search_term_string"}}],"inLanguage":"es"},{"@type":"Organization","@id":"https:\/\/www.satinal.it\/es\/#organization","name":"SATINAL SPA","url":"https:\/\/www.satinal.it\/es\/","logo":{"@type":"ImageObject","inLanguage":"es","@id":"https:\/\/www.satinal.it\/es\/#\/schema\/logo\/image\/","url":"https:\/\/www.satinal.it\/wp-content\/uploads\/2020\/11\/Satinal-logo-mission.png","contentUrl":"https:\/\/www.satinal.it\/wp-content\/uploads\/2020\/11\/Satinal-logo-mission.png","width":210,"height":81,"caption":"SATINAL SPA"},"image":{"@id":"https:\/\/www.satinal.it\/es\/#\/schema\/logo\/image\/"}},{"@type":"Person","@id":"https:\/\/www.satinal.it\/es\/#\/schema\/person\/c811278294d47687d5b6d74bcdeed550","name":"Marketing","image":{"@type":"ImageObject","inLanguage":"es","@id":"https:\/\/www.satinal.it\/es\/#\/schema\/person\/image\/","url":"https:\/\/secure.gravatar.com\/avatar\/683415d10672bbcd9be4966827a67299b05b2931fb6691f30d12536ba90cc8bc?s=96&d=mm&r=g","contentUrl":"https:\/\/secure.gravatar.com\/avatar\/683415d10672bbcd9be4966827a67299b05b2931fb6691f30d12536ba90cc8bc?s=96&d=mm&r=g","caption":"Marketing"}}]}},"_links":{"self":[{"href":"https:\/\/www.satinal.it\/es\/wp-json\/wp\/v2\/posts\/15724","targetHints":{"allow":["GET"]}}],"collection":[{"href":"https:\/\/www.satinal.it\/es\/wp-json\/wp\/v2\/posts"}],"about":[{"href":"https:\/\/www.satinal.it\/es\/wp-json\/wp\/v2\/types\/post"}],"author":[{"embeddable":true,"href":"https:\/\/www.satinal.it\/es\/wp-json\/wp\/v2\/users\/7"}],"replies":[{"embeddable":true,"href":"https:\/\/www.satinal.it\/es\/wp-json\/wp\/v2\/comments?post=15724"}],"version-history":[{"count":0,"href":"https:\/\/www.satinal.it\/es\/wp-json\/wp\/v2\/posts\/15724\/revisions"}],"wp:featuredmedia":[{"embeddable":true,"href":"https:\/\/www.satinal.it\/es\/wp-json\/wp\/v2\/media\/15725"}],"wp:attachment":[{"href":"https:\/\/www.satinal.it\/es\/wp-json\/wp\/v2\/media?parent=15724"}],"wp:term":[{"taxonomy":"category","embeddable":true,"href":"https:\/\/www.satinal.it\/es\/wp-json\/wp\/v2\/categories?post=15724"},{"taxonomy":"post_tag","embeddable":true,"href":"https:\/\/www.satinal.it\/es\/wp-json\/wp\/v2\/tags?post=15724"}],"curies":[{"name":"wp","href":"https:\/\/api.w.org\/{rel}","templated":true}]}}