{"id":16714,"date":"2020-12-10T15:52:43","date_gmt":"2020-12-10T15:52:43","guid":{"rendered":"https:\/\/www.satinal.it\/interior-applications-and-furniture-can-i-have-colored-glass\/"},"modified":"2021-06-28T08:39:09","modified_gmt":"2021-06-28T08:39:09","slug":"vidro-colorido-eva-strato","status":"publish","type":"post","link":"https:\/\/www.satinal.it\/pt-pt\/vidro-colorido-eva-strato\/","title":{"rendered":"Posso ter vidro colorido?"},"content":{"rendered":"<div id=\"cross\" class=\"fusion-container-anchor\"><div class=\"fusion-fullwidth fullwidth-box fusion-builder-row-1 fusion-flex-container nonhundred-percent-fullwidth non-hundred-percent-height-scrolling\" style=\"--awb-border-radius-top-left:0px;--awb-border-radius-top-right:0px;--awb-border-radius-bottom-right:0px;--awb-border-radius-bottom-left:0px;--awb-flex-wrap:wrap;\" ><div class=\"fusion-builder-row fusion-row fusion-flex-align-items-flex-start fusion-flex-content-wrap\" style=\"max-width:1248px;margin-left: calc(-4% \/ 2 );margin-right: calc(-4% \/ 2 );\"><div class=\"fusion-layout-column fusion_builder_column fusion-builder-column-0 fusion_builder_column_1_1 1_1 fusion-flex-column\" style=\"--awb-bg-size:cover;--awb-width-large:100%;--awb-margin-top-large:0px;--awb-spacing-right-large:1.92%;--awb-margin-bottom-large:20px;--awb-spacing-left-large:1.92%;--awb-width-medium:100%;--awb-order-medium:0;--awb-spacing-right-medium:1.92%;--awb-spacing-left-medium:1.92%;--awb-width-small:100%;--awb-order-small:0;--awb-spacing-right-small:1.92%;--awb-spacing-left-small:1.92%;\"><div class=\"fusion-column-wrapper fusion-column-has-shadow fusion-flex-justify-content-flex-start fusion-content-layout-column\"><div class=\"fusion-text fusion-text-1\"><p>O intercalar\u00a0<strong>STRATO<sup>\u00ae<\/sup><\/strong> est\u00e1 dispon\u00edvel em v\u00e1rias <strong>cores b\u00e1sicas<\/strong>, com as quais \u00e9 poss\u00edvel criar efeitos <strong>de ilumina\u00e7\u00e3o<\/strong> e combina\u00e7\u00f5es com <strong>diferentes materiais.<\/strong><\/p>\n<p><strong>Temos duas gamas de produtos:<\/strong><\/p>\n<p><strong>STRATO<sup>\u00ae<\/sup><\/strong><strong>COLOR:<\/strong><\/p>\n<ul>\n<li><strong>STRATO<sup>\u00ae<\/sup><\/strong> LATTE d\u00e1 ao vidro um efeito brilhante e semi-opaco (transmiss\u00e3o de luz 2%), permitindo-lhe vislumbrar as formas dos objetos. Captura e difunde a luz para o ambiente, sem criar reflexos.\u00a0 <strong>STRATO<sup>\u00ae<\/sup>\u00a0LATTE<\/strong>\u00a0\u00e9 a solu\u00e7\u00e3o perfeita para qualquer produto utilizado em \u00e1reas que exijam alta difus\u00e3o de luz.<\/li>\n<li><strong>STRATO<sup>\u00ae<\/sup><\/strong> BIANCO \u00e9 uma escolha que nunca envelhece e d\u00e1 uma sensa\u00e7\u00e3o de brilho, al\u00e9m de ampliar o espa\u00e7o. Garante cor e cobertura uniformes e d\u00e1 personalidade ao vidro de seguran\u00e7a cl\u00e1ssico.<\/li>\n<\/ul>\n<p><strong>\u00a0<\/strong><strong>STRATO<sup>\u00ae<\/sup>\u00a0BIANCO<\/strong>\u00a0\u00e9 a melhor solu\u00e7\u00e3o para os designers que querem criar elementos de vidro polidos, brancos e opacos (transmiss\u00e3o de 0% de luz).<\/p>\n<p><strong>STRATO<sup>\u00ae<\/sup>\u00a0BIANCO<\/strong>\u00a0garante a m\u00e1xima uniformidade de cor e prote\u00e7\u00e3o UV.<\/p>\n<ul>\n<li><strong>STRATO<sup>\u00ae<\/sup>\u00a0NERO<\/strong> <strong>pode<\/strong> dar efeitos surpreendentes, garantindo um toque sofisticado e \u00fanico. Al\u00e9m disso, d\u00e1 ao vidro uma cobertura uniforme (transmiss\u00e3o leve 0%). Gra\u00e7as ao seu revestimento expcecional, o<strong> STRATO<sup>\u00ae<\/sup><\/strong> <strong>NERO<\/strong> n\u00e3o permite que os raios UV passem pelo vidro, evitando assim o desbotamento dos m\u00f3veis internos. \u00c9 perfeito para elementos de mobili\u00e1rio funcional, como\u00a0 tampos de cozinha, portas de m\u00e1rmore e laminados.<\/li>\n<\/ul>\n<p><strong>STRATO<sup>\u00ae<\/sup> <\/strong> FROST:<\/p>\n<ul>\n<li><strong>STRATO<sup>\u00ae<\/sup>\u00a0SATINATO<\/strong>\u00a0<strong>proporciona ao<\/strong> vidro uma apar\u00eancia elegante e refinada, adequada para qualquer tipo de ambiente e elemento interno ou externo. Al\u00e9m disso, o seu efeito cl\u00e1ssico velado (transmiss\u00e3o de luz 20-25%), satisfaz plenamente as <em>necessidades de privacidade.<\/em> \u00a0\u00a0<strong>STRATO<sup>\u00ae<\/sup>\u00a0SATINATO<\/strong>\u00a0permite<strong> que<\/strong> a luz do dia ilumine naturalmente os interiores de edif\u00edcios residenciais e comerciais, salvaguardando a <em>privacidade.<\/em> \u00a0\u00c9 pr\u00e1tico e adequado para qualquer tipo de aplica\u00e7\u00e3o.<\/li>\n<li><strong>STRATO<sup>\u00ae<\/sup>\u00a0LEGGERO<\/strong>\u00a0<strong>proporciona<\/strong> um efeito cetim velado, para um produto que pode ser integrado em qualquer projeto arquitet\u00f3nico sem afetar o seu estilo. <strong>\u00a0<\/strong><strong>STRATO<sup>\u00ae<\/sup>\u00a0LEGGERO<\/strong>\u00a0 <strong>foi<\/strong> formulada para produzir vidro com acabamento ligeiramente acetinado (transmiss\u00e3o de luz 60-65%).<\/li>\n<\/ul>\n<p>Strato<sup>\u00ae<\/sup> pode ser tanto interior como <strong>exterior,<\/strong>tamb\u00e9m usado como elemento <strong>decorativo, <\/strong>mantendo a sua principal caracter\u00edstica de elemento de seguran\u00e7a: escrit\u00f3rios, lojas, restaurantes podem assim obter um efeito est\u00e9tico, criativo e particular, mas sempre com seguran\u00e7a. Cores e materiais inseridos entre o <strong>STRATO<sup>\u00ae<\/sup><\/strong> e o vidro podem, de facto, criar varia\u00e7\u00f5es infinitas, desenhos e efeitos visuais particulares.<\/p>\n<p>Len\u00e7os, cercas de malha, materiais org\u00e2nicos secos, m\u00e1rmore: estes s\u00e3o todos os elementos que podem ser usados <strong>para decora\u00e7\u00f5es de vidro<\/strong> e intercalares EVA. Para verificar a <strong>compatibilidade<\/strong> de um novo material, todos podem solicitar um teste que ser\u00e1 realizado na nossa sede.<\/p>\n<p>Muitos designers usam <strong>intercamadas<\/strong> EVA para dar um olhar criativo a elementos simples de design de interiores, gra\u00e7as \u00e0 inser\u00e7\u00e3o de mais materiais ou efeitos de luz <strong>que<\/strong> podem ser obtidos a partir da ilumina\u00e7\u00e3o do produto final.<\/p>\n<\/div><\/div><\/div><\/div><\/div><\/div>\n","protected":false},"excerpt":{"rendered":"","protected":false},"author":7,"featured_media":0,"comment_status":"open","ping_status":"open","sticky":false,"template":"","format":"standard","meta":{"footnotes":""},"categories":[821],"tags":[814,816],"class_list":["post-16714","post","type-post","status-publish","format-standard","hentry","category-educacao-pt","tag-edu-cores-pt","tag-edu-interior-pt"],"yoast_head":"<!-- This site is optimized with the Yoast SEO plugin v25.7 - https:\/\/yoast.com\/wordpress\/plugins\/seo\/ -->\n<title>Vidro laminado em cores diferentes - Intercalares STRATO\u00ae<\/title>\n<meta name=\"description\" content=\"Intercalar STRATO\u00ae est\u00e1 dispon\u00edvel em algumas cores, com o qual \u00e9 poss\u00edvel criar efeitos de ilumina\u00e7\u00e3o e combina\u00e7\u00f5es com diferentes materiais.\" \/>\n<meta name=\"robots\" content=\"index, follow, max-snippet:-1, max-image-preview:large, max-video-preview:-1\" \/>\n<link rel=\"canonical\" href=\"https:\/\/www.satinal.it\/pt-pt\/vidro-colorido-eva-strato\/\" \/>\n<meta property=\"og:locale\" content=\"pt_PT\" \/>\n<meta property=\"og:type\" content=\"article\" \/>\n<meta property=\"og:title\" content=\"Vidro laminado em cores diferentes - Intercalares STRATO\u00ae\" \/>\n<meta property=\"og:description\" content=\"Intercalar STRATO\u00ae est\u00e1 dispon\u00edvel em algumas cores, com o qual \u00e9 poss\u00edvel criar efeitos de ilumina\u00e7\u00e3o e combina\u00e7\u00f5es com diferentes materiais.\" \/>\n<meta property=\"og:url\" content=\"https:\/\/www.satinal.it\/pt-pt\/vidro-colorido-eva-strato\/\" \/>\n<meta property=\"og:site_name\" content=\"Satinal\" \/>\n<meta property=\"article:published_time\" content=\"2020-12-10T15:52:43+00:00\" \/>\n<meta property=\"article:modified_time\" content=\"2021-06-28T08:39:09+00:00\" \/>\n<meta name=\"author\" content=\"Marketing\" \/>\n<meta name=\"twitter:card\" content=\"summary_large_image\" \/>\n<meta name=\"twitter:label1\" content=\"Escrito por\" \/>\n\t<meta name=\"twitter:data1\" content=\"Marketing\" \/>\n\t<meta name=\"twitter:label2\" content=\"Tempo estimado de leitura\" \/>\n\t<meta name=\"twitter:data2\" content=\"5 minutos\" \/>\n<script type=\"application\/ld+json\" class=\"yoast-schema-graph\">{\"@context\":\"https:\/\/schema.org\",\"@graph\":[{\"@type\":\"Article\",\"@id\":\"https:\/\/www.satinal.it\/pt-pt\/vidro-colorido-eva-strato\/#article\",\"isPartOf\":{\"@id\":\"https:\/\/www.satinal.it\/pt-pt\/vidro-colorido-eva-strato\/\"},\"author\":{\"name\":\"Marketing\",\"@id\":\"https:\/\/www.satinal.it\/pt-pt\/#\/schema\/person\/c811278294d47687d5b6d74bcdeed550\"},\"headline\":\"Posso ter vidro colorido?\",\"datePublished\":\"2020-12-10T15:52:43+00:00\",\"dateModified\":\"2021-06-28T08:39:09+00:00\",\"mainEntityOfPage\":{\"@id\":\"https:\/\/www.satinal.it\/pt-pt\/vidro-colorido-eva-strato\/\"},\"wordCount\":1085,\"commentCount\":0,\"publisher\":{\"@id\":\"https:\/\/www.satinal.it\/pt-pt\/#organization\"},\"keywords\":[\"Cores\",\"Interior\"],\"articleSection\":[\"EDUCA\u00c7\u00c3O\"],\"inLanguage\":\"pt-PT\",\"potentialAction\":[{\"@type\":\"CommentAction\",\"name\":\"Comment\",\"target\":[\"https:\/\/www.satinal.it\/pt-pt\/vidro-colorido-eva-strato\/#respond\"]}]},{\"@type\":\"WebPage\",\"@id\":\"https:\/\/www.satinal.it\/pt-pt\/vidro-colorido-eva-strato\/\",\"url\":\"https:\/\/www.satinal.it\/pt-pt\/vidro-colorido-eva-strato\/\",\"name\":\"Vidro laminado em cores diferentes - Intercalares STRATO\u00ae\",\"isPartOf\":{\"@id\":\"https:\/\/www.satinal.it\/pt-pt\/#website\"},\"datePublished\":\"2020-12-10T15:52:43+00:00\",\"dateModified\":\"2021-06-28T08:39:09+00:00\",\"description\":\"Intercalar STRATO\u00ae est\u00e1 dispon\u00edvel em algumas cores, com o qual \u00e9 poss\u00edvel criar efeitos de ilumina\u00e7\u00e3o e combina\u00e7\u00f5es com diferentes materiais.\",\"breadcrumb\":{\"@id\":\"https:\/\/www.satinal.it\/pt-pt\/vidro-colorido-eva-strato\/#breadcrumb\"},\"inLanguage\":\"pt-PT\",\"potentialAction\":[{\"@type\":\"ReadAction\",\"target\":[\"https:\/\/www.satinal.it\/pt-pt\/vidro-colorido-eva-strato\/\"]}]},{\"@type\":\"BreadcrumbList\",\"@id\":\"https:\/\/www.satinal.it\/pt-pt\/vidro-colorido-eva-strato\/#breadcrumb\",\"itemListElement\":[{\"@type\":\"ListItem\",\"position\":1,\"name\":\"Home\",\"item\":\"https:\/\/www.satinal.it\/pt-pt\/\"},{\"@type\":\"ListItem\",\"position\":2,\"name\":\"Posso ter vidro colorido?\"}]},{\"@type\":\"WebSite\",\"@id\":\"https:\/\/www.satinal.it\/pt-pt\/#website\",\"url\":\"https:\/\/www.satinal.it\/pt-pt\/\",\"name\":\"Satinal\",\"description\":\"Competent in glass\",\"publisher\":{\"@id\":\"https:\/\/www.satinal.it\/pt-pt\/#organization\"},\"potentialAction\":[{\"@type\":\"SearchAction\",\"target\":{\"@type\":\"EntryPoint\",\"urlTemplate\":\"https:\/\/www.satinal.it\/pt-pt\/?s={search_term_string}\"},\"query-input\":{\"@type\":\"PropertyValueSpecification\",\"valueRequired\":true,\"valueName\":\"search_term_string\"}}],\"inLanguage\":\"pt-PT\"},{\"@type\":\"Organization\",\"@id\":\"https:\/\/www.satinal.it\/pt-pt\/#organization\",\"name\":\"SATINAL SPA\",\"url\":\"https:\/\/www.satinal.it\/pt-pt\/\",\"logo\":{\"@type\":\"ImageObject\",\"inLanguage\":\"pt-PT\",\"@id\":\"https:\/\/www.satinal.it\/pt-pt\/#\/schema\/logo\/image\/\",\"url\":\"https:\/\/www.satinal.it\/wp-content\/uploads\/2020\/11\/Satinal-logo-mission.png\",\"contentUrl\":\"https:\/\/www.satinal.it\/wp-content\/uploads\/2020\/11\/Satinal-logo-mission.png\",\"width\":210,\"height\":81,\"caption\":\"SATINAL SPA\"},\"image\":{\"@id\":\"https:\/\/www.satinal.it\/pt-pt\/#\/schema\/logo\/image\/\"}},{\"@type\":\"Person\",\"@id\":\"https:\/\/www.satinal.it\/pt-pt\/#\/schema\/person\/c811278294d47687d5b6d74bcdeed550\",\"name\":\"Marketing\",\"image\":{\"@type\":\"ImageObject\",\"inLanguage\":\"pt-PT\",\"@id\":\"https:\/\/www.satinal.it\/pt-pt\/#\/schema\/person\/image\/\",\"url\":\"https:\/\/secure.gravatar.com\/avatar\/683415d10672bbcd9be4966827a67299b05b2931fb6691f30d12536ba90cc8bc?s=96&d=mm&r=g\",\"contentUrl\":\"https:\/\/secure.gravatar.com\/avatar\/683415d10672bbcd9be4966827a67299b05b2931fb6691f30d12536ba90cc8bc?s=96&d=mm&r=g\",\"caption\":\"Marketing\"}}]}<\/script>\n<!-- \/ Yoast SEO plugin. -->","yoast_head_json":{"title":"Vidro laminado em cores diferentes - Intercalares STRATO\u00ae","description":"Intercalar STRATO\u00ae est\u00e1 dispon\u00edvel em algumas cores, com o qual \u00e9 poss\u00edvel criar efeitos de ilumina\u00e7\u00e3o e combina\u00e7\u00f5es com diferentes materiais.","robots":{"index":"index","follow":"follow","max-snippet":"max-snippet:-1","max-image-preview":"max-image-preview:large","max-video-preview":"max-video-preview:-1"},"canonical":"https:\/\/www.satinal.it\/pt-pt\/vidro-colorido-eva-strato\/","og_locale":"pt_PT","og_type":"article","og_title":"Vidro laminado em cores diferentes - Intercalares STRATO\u00ae","og_description":"Intercalar STRATO\u00ae est\u00e1 dispon\u00edvel em algumas cores, com o qual \u00e9 poss\u00edvel criar efeitos de ilumina\u00e7\u00e3o e combina\u00e7\u00f5es com diferentes materiais.","og_url":"https:\/\/www.satinal.it\/pt-pt\/vidro-colorido-eva-strato\/","og_site_name":"Satinal","article_published_time":"2020-12-10T15:52:43+00:00","article_modified_time":"2021-06-28T08:39:09+00:00","author":"Marketing","twitter_card":"summary_large_image","twitter_misc":{"Escrito por":"Marketing","Tempo estimado de leitura":"5 minutos"},"schema":{"@context":"https:\/\/schema.org","@graph":[{"@type":"Article","@id":"https:\/\/www.satinal.it\/pt-pt\/vidro-colorido-eva-strato\/#article","isPartOf":{"@id":"https:\/\/www.satinal.it\/pt-pt\/vidro-colorido-eva-strato\/"},"author":{"name":"Marketing","@id":"https:\/\/www.satinal.it\/pt-pt\/#\/schema\/person\/c811278294d47687d5b6d74bcdeed550"},"headline":"Posso ter vidro colorido?","datePublished":"2020-12-10T15:52:43+00:00","dateModified":"2021-06-28T08:39:09+00:00","mainEntityOfPage":{"@id":"https:\/\/www.satinal.it\/pt-pt\/vidro-colorido-eva-strato\/"},"wordCount":1085,"commentCount":0,"publisher":{"@id":"https:\/\/www.satinal.it\/pt-pt\/#organization"},"keywords":["Cores","Interior"],"articleSection":["EDUCA\u00c7\u00c3O"],"inLanguage":"pt-PT","potentialAction":[{"@type":"CommentAction","name":"Comment","target":["https:\/\/www.satinal.it\/pt-pt\/vidro-colorido-eva-strato\/#respond"]}]},{"@type":"WebPage","@id":"https:\/\/www.satinal.it\/pt-pt\/vidro-colorido-eva-strato\/","url":"https:\/\/www.satinal.it\/pt-pt\/vidro-colorido-eva-strato\/","name":"Vidro laminado em cores diferentes - Intercalares STRATO\u00ae","isPartOf":{"@id":"https:\/\/www.satinal.it\/pt-pt\/#website"},"datePublished":"2020-12-10T15:52:43+00:00","dateModified":"2021-06-28T08:39:09+00:00","description":"Intercalar STRATO\u00ae est\u00e1 dispon\u00edvel em algumas cores, com o qual \u00e9 poss\u00edvel criar efeitos de ilumina\u00e7\u00e3o e combina\u00e7\u00f5es com diferentes materiais.","breadcrumb":{"@id":"https:\/\/www.satinal.it\/pt-pt\/vidro-colorido-eva-strato\/#breadcrumb"},"inLanguage":"pt-PT","potentialAction":[{"@type":"ReadAction","target":["https:\/\/www.satinal.it\/pt-pt\/vidro-colorido-eva-strato\/"]}]},{"@type":"BreadcrumbList","@id":"https:\/\/www.satinal.it\/pt-pt\/vidro-colorido-eva-strato\/#breadcrumb","itemListElement":[{"@type":"ListItem","position":1,"name":"Home","item":"https:\/\/www.satinal.it\/pt-pt\/"},{"@type":"ListItem","position":2,"name":"Posso ter vidro colorido?"}]},{"@type":"WebSite","@id":"https:\/\/www.satinal.it\/pt-pt\/#website","url":"https:\/\/www.satinal.it\/pt-pt\/","name":"Satinal","description":"Competent in glass","publisher":{"@id":"https:\/\/www.satinal.it\/pt-pt\/#organization"},"potentialAction":[{"@type":"SearchAction","target":{"@type":"EntryPoint","urlTemplate":"https:\/\/www.satinal.it\/pt-pt\/?s={search_term_string}"},"query-input":{"@type":"PropertyValueSpecification","valueRequired":true,"valueName":"search_term_string"}}],"inLanguage":"pt-PT"},{"@type":"Organization","@id":"https:\/\/www.satinal.it\/pt-pt\/#organization","name":"SATINAL SPA","url":"https:\/\/www.satinal.it\/pt-pt\/","logo":{"@type":"ImageObject","inLanguage":"pt-PT","@id":"https:\/\/www.satinal.it\/pt-pt\/#\/schema\/logo\/image\/","url":"https:\/\/www.satinal.it\/wp-content\/uploads\/2020\/11\/Satinal-logo-mission.png","contentUrl":"https:\/\/www.satinal.it\/wp-content\/uploads\/2020\/11\/Satinal-logo-mission.png","width":210,"height":81,"caption":"SATINAL SPA"},"image":{"@id":"https:\/\/www.satinal.it\/pt-pt\/#\/schema\/logo\/image\/"}},{"@type":"Person","@id":"https:\/\/www.satinal.it\/pt-pt\/#\/schema\/person\/c811278294d47687d5b6d74bcdeed550","name":"Marketing","image":{"@type":"ImageObject","inLanguage":"pt-PT","@id":"https:\/\/www.satinal.it\/pt-pt\/#\/schema\/person\/image\/","url":"https:\/\/secure.gravatar.com\/avatar\/683415d10672bbcd9be4966827a67299b05b2931fb6691f30d12536ba90cc8bc?s=96&d=mm&r=g","contentUrl":"https:\/\/secure.gravatar.com\/avatar\/683415d10672bbcd9be4966827a67299b05b2931fb6691f30d12536ba90cc8bc?s=96&d=mm&r=g","caption":"Marketing"}}]}},"_links":{"self":[{"href":"https:\/\/www.satinal.it\/pt-pt\/wp-json\/wp\/v2\/posts\/16714","targetHints":{"allow":["GET"]}}],"collection":[{"href":"https:\/\/www.satinal.it\/pt-pt\/wp-json\/wp\/v2\/posts"}],"about":[{"href":"https:\/\/www.satinal.it\/pt-pt\/wp-json\/wp\/v2\/types\/post"}],"author":[{"embeddable":true,"href":"https:\/\/www.satinal.it\/pt-pt\/wp-json\/wp\/v2\/users\/7"}],"replies":[{"embeddable":true,"href":"https:\/\/www.satinal.it\/pt-pt\/wp-json\/wp\/v2\/comments?post=16714"}],"version-history":[{"count":0,"href":"https:\/\/www.satinal.it\/pt-pt\/wp-json\/wp\/v2\/posts\/16714\/revisions"}],"wp:attachment":[{"href":"https:\/\/www.satinal.it\/pt-pt\/wp-json\/wp\/v2\/media?parent=16714"}],"wp:term":[{"taxonomy":"category","embeddable":true,"href":"https:\/\/www.satinal.it\/pt-pt\/wp-json\/wp\/v2\/categories?post=16714"},{"taxonomy":"post_tag","embeddable":true,"href":"https:\/\/www.satinal.it\/pt-pt\/wp-json\/wp\/v2\/tags?post=16714"}],"curies":[{"name":"wp","href":"https:\/\/api.w.org\/{rel}","templated":true}]}}